{"id":621,"date":"2016-09-27T10:17:11","date_gmt":"2016-09-27T08:17:11","guid":{"rendered":"http:\/\/www.professor-technikus.de\/?p=621"},"modified":"2021-01-28T15:43:44","modified_gmt":"2021-01-28T14:43:44","slug":"knut-kommt-berichte-in-der-haaner-schulzeitung","status":"publish","type":"post","link":"https:\/\/www.professor-technikus.de\/?p=621","title":{"rendered":"KNuT-kommt: Berichte in der Haaner Schulzeitung"},"content":{"rendered":"<p>Die unerwarteten Dinge sind doch meist besonders sch\u00f6n. So brachte der Brieftr\u00e4ger neulich eine sch\u00f6ne \u00dcberraschung vorbei: Die <a href=\"http:\/\/www.don-bosco-haan.de\/wir-boscoepfe-schulzeitung\/\" target=\"_blank\" rel=\"noopener\">Schulzeitung <\/a>der Don Bosco Grundschule!<\/p>\n<p>Und siehe da, volle 14 Seiten haben die Sch\u00fcler und Sch\u00fclerinnen, Lehrer und Lehrerinnen sowie Helfer-Eltern an Berichten \u00fcber unsere gemeinsame Projektwoche &#8222;KNuT-kommt&#8220; zusammengetragen (siehe Ausz\u00fcge aus Sch\u00fcler- und Betreuersicht). Bestimmt wird auch bald diese Ausgabe komplett auf den Schulseiten zum Anschauen bereitgestellt.<\/p>\n<figure style=\"width: 207px\" class=\"wp-caption alignleft\"><a href=\"http:\/\/www.krause-rehse.de\/images\/blogimages\/Knut-kommt-Bosco-01.jpg\"><img loading=\"lazy\" class=\"\" src=\"http:\/\/www.krause-rehse.de\/images\/blogimages\/Knut-kommt-Bosco-01.jpg\" alt=\"Referenz aus Haaner Schulzeitung zu KNuT-kommt\" width=\"207\" height=\"290\"><\/a><figcaption class=\"wp-caption-text\">Auszug aus der Haaner Schulzeitung: KNuT-kommt<\/figcaption><\/figure>\n<p>Hier aber schon ein paar Zitate:<\/p>\n<ul>\n<li><em>Wasser und Mentos haben nur leicht gesprudelt, w\u00e4hrend Cola und Mentos so stark gesprudelt haben, dass heute noch die Colaflecken an der Decke der Turnhalle zu sehen sind&#8230; (Lina und Annelie, Klasse 3)<\/em><\/li>\n<li><em>Am zweiten Tag haben wir viele tolle Sachen gemacht und gebastelt: Bumerangs, wir haben aus Papier Flieger gebaut und mit einem Gummi angetrieben&#8230;. Es hat uns viel Spass gemacht. Herr K. (Anmerkung: ein Lehrer) hat das gut gemacht und hat uns zum Abschied was S\u00fc\u00dfes gegeben. Die Projektwoche 2016 hat uns sehr viel Spa\u00df gemacht. (Svenja und Seline, Klasse 4)<\/em><\/li>\n<li><em>Wir dachten zuerst, dass die Gruppe &#8222;Murmelbahn&#8220; eine langweilige Gruppe w\u00e4re, aber dann fanden wir &#8222;die Gruppe ist cool&#8220;. Luisa und ich sind als erstes zur Station gegangen, wie man bestimmte Bahnen testet. Das hat total viel Spass gemacht. (Moritz, Klasse 3)<\/em><\/li>\n<li><em>Ich fand es nicht so sch\u00f6n, dass die Woche so kurz war. (Ann-Carin, Klasse 2)<\/em><\/li>\n<li><em>Mit Zahnstochern und weichen Erbsen bauten wir auch T\u00fcrme, die am Ende einen Tennisball tragen sollten&#8230;Lenis und Jonas Turm steht heute noch zu Hause im Badezimmer (Lenis und Jonas, Klasse 4 und 1)<\/em><\/li>\n<li><em>Von den vier Projektwochen, die wir w\u00e4hrend meiner Grundschulzeit hatten, hat uns diese am zweitbesten gefallen. Nur &#8222;Ronja R\u00e4ubertochter&#8220; war noch besser. (Leni, Birgit und Luise, Klasse 4)<\/em><\/li>\n<li><em><em>Zuerst h\u00f6rte sich alles langweilig an, aber dann war es doch sehr spannend. Mit Zahnr\u00e4dern kann man viele coole Sachen basteln&#8230; Die Projektwoche war eine sch\u00f6ne Zeit, in der ich viel gelernt habe. (Tim, Klasse<\/em><\/em>\n<figure style=\"width: 231px\" class=\"wp-caption alignright\"><a href=\"http:\/\/www.krause-rehse.de\/images\/blogimages\/Knut-kommt-Bosco-02.jpg\"><img loading=\"lazy\" class=\"\" src=\"http:\/\/www.krause-rehse.de\/images\/blogimages\/Knut-kommt-Bosco-02.jpg\" alt=\"Kinder-Referenzen zur Projektwoche KNuT-kommt\" width=\"231\" height=\"323\"><\/a><figcaption class=\"wp-caption-text\">Kinderstimmen zur Projektwoche KNuT-kommt<\/figcaption><\/figure>\n<p><em>4)<\/em><\/li>\n<li><em>Wir haben Fahrzeuge nachgebaut und durften sie testen. Es hat viel Spass gemacht. Danach sind wir in die 4a gegangen. Dort ging es um Mathematik. Der Tag war sch\u00f6n. (Finn, Klasse 3)<\/em><\/li>\n<li>&nbsp;<em>Heute haben wir Fahrzeuge gebaut. Ich habe das Gestell aus Milcht\u00fcten gebaut. Und die R\u00e4der aus Schaumstoff. Und das sah sch\u00f6n aus. Und hat Spa\u00df gemacht. (Ann-Carin, Klasse 2)<\/em>&nbsp;Herzlichen Dank an dieser Stelle noch einmal f\u00fcr die vielen netten Worte. Uns haben die Forschertage mit Euch auch viel Spass gemacht!<\/li>\n<\/ul>\n","protected":false},"excerpt":{"rendered":"<p>Die unerwarteten Dinge sind doch meist besonders sch\u00f6n. So brachte der Brieftr\u00e4ger neulich eine sch\u00f6ne \u00dcberraschung vorbei: Die Schulzeitung der Don Bosco Grundschule! Und siehe da, volle 14 Seiten haben die Sch\u00fcler und Sch\u00fclerinnen, Lehrer und Lehrerinnen sowie Helfer-Eltern an Berichten \u00fcber unsere gemeinsame Projektwoche &#8222;KNuT-kommt&#8220; zusammengetragen (siehe Ausz\u00fcge aus Sch\u00fcler- und Betreuersicht). Bestimmt wird&hellip; <a class=\"more-link\" href=\"https:\/\/www.professor-technikus.de\/?p=621\"><span class=\"screen-reader-text\">KNuT-kommt: Berichte in der Haaner Schulzeitung<\/span> weiterlesen<\/a><\/p>\n","protected":false},"author":2,"featured_media":0,"comment_status":"closed","ping_status":"closed","sticky":false,"template":"","format":"standard","meta":[],"categories":[1,45],"tags":[25,54],"_links":{"self":[{"href":"https:\/\/www.professor-technikus.de\/index.php?rest_route=\/wp\/v2\/posts\/621"}],"collection":[{"href":"https:\/\/www.professor-technikus.de\/index.php?rest_route=\/wp\/v2\/posts"}],"about":[{"href":"https:\/\/www.professor-technikus.de\/index.php?rest_route=\/wp\/v2\/types\/post"}],"author":[{"embeddable":true,"href":"https:\/\/www.professor-technikus.de\/index.php?rest_route=\/wp\/v2\/users\/2"}],"replies":[{"embeddable":true,"href":"https:\/\/www.professor-technikus.de\/index.php?rest_route=%2Fwp%2Fv2%2Fcomments&post=621"}],"version-history":[{"count":8,"href":"https:\/\/www.professor-technikus.de\/index.php?rest_route=\/wp\/v2\/posts\/621\/revisions"}],"predecessor-version":[{"id":905,"href":"https:\/\/www.professor-technikus.de\/index.php?rest_route=\/wp\/v2\/posts\/621\/revisions\/905"}],"wp:attachment":[{"href":"https:\/\/www.professor-technikus.de\/index.php?rest_route=%2Fwp%2Fv2%2Fmedia&parent=621"}],"wp:term":[{"taxonomy":"category","embeddable":true,"href":"https:\/\/www.professor-technikus.de\/index.php?rest_route=%2Fwp%2Fv2%2Fcategories&post=621"},{"taxonomy":"post_tag","embeddable":true,"href":"https:\/\/www.professor-technikus.de\/index.php?rest_route=%2Fwp%2Fv2%2Ftags&post=621"}],"curies":[{"name":"wp","href":"https:\/\/api.w.org\/{rel}","templated":true}]}}