{"id":240,"date":"2013-07-07T20:01:58","date_gmt":"2013-07-07T19:01:58","guid":{"rendered":"http:\/\/www.professor-technikus.de\/?p=240"},"modified":"2014-06-06T18:26:59","modified_gmt":"2014-06-06T17:26:59","slug":"foto-kurs-die-richtige-belichtung","status":"publish","type":"post","link":"https:\/\/www.professor-technikus.de\/?p=240","title":{"rendered":"Foto-Kurs: Die richtige Belichtung"},"content":{"rendered":"<figure style=\"width: 300px\" class=\"wp-caption alignleft\"><img loading=\"lazy\" src=\"http:\/\/www.krause-rehse.de\/images\/blogimages\/kamerabild.jpg\" alt=\"Tafelbild einer Kamera\" width=\"300\" height=\"375\" \/><figcaption class=\"wp-caption-text\">Bild: C. Krause<\/figcaption><\/figure>\n<p><strong>Belichtungsmessung<\/strong><br \/>\nUm ein Foto zu machen, braucht man immer ausreichend Licht. Deshalb stellt\u00a0 die Kamera nicht nur scharf, wenn Du sie auf ein Motiv richtest, sondern sie misst auch, ob \u00fcberhaupt <strong>genug Licht f\u00fcr ein Foto<\/strong> vorhanden ist.<\/p>\n<p>Dazu misst sie entweder die Lichtmenge auf dem gesamten Bild (das nennt man &#8222;Matrix-Messung&#8220;) oder auch nur die Lichtmenge im mittleren (= wichtigsten) Bereich des Bildes (&#8222;Mittenbetonte Messung oder Spotmessung&#8220;).<br \/>\n<!--more--><strong>Finde heraus, wie die Belichtungsmessung bei Deiner Kamera funktioniert:<\/strong><br \/>\n<em>&#8211; Was steht dar\u00fcber in der Bedienungsanleiung?<\/em><br \/>\n<em>&#8211; Gibt es ein Symbol im Display, das Dir anzeigt, wo die Belichtung gemessen wird?<\/em><br \/>\n<em>&#8211; Kannst Du diese Einstellung auch \u00e4ndern?<\/em><br \/>\n<em>&#8211; Wie kannst Du erkennen, ob genug Licht f\u00fcr ein Foto vorhanden ist?<\/em><\/p>\n<p><strong>\u00dcbrigens<\/strong>, wenn Du den Ausl\u00f6ser halb gedr\u00fcckt festh\u00e4lst, dann merkt sich die Kamera nicht nur den Sch\u00e4rfewert (siehe &#8222;<a title=\"Foto-Kurs: Richtig scharfe Bilder\" href=\"http:\/\/www.professor-technikus.de\/?p=140\">Richtig scharfe Bilder<\/a>&#8222;) sondern auch meist den Belichtungswert.<\/p>\n<p><strong>Zu wenig Licht<\/strong><br \/>\nGerade bei den kleinen Digitalkameras ist das Problem, dass es <strong>oft zu wenig Licht<\/strong> f\u00fcr gute und scharfe Fotos gibt (siehe &#8222;<a title=\"Foto-Kurs: Tipps zum Kauf von Digitalkameras\" href=\"http:\/\/www.professor-technikus.de\/?p=118\">Kaufempfehlung<\/a>&#8222;). Oft wird daher der <strong>eingebaute Blitz<\/strong> eingeschaltet.<\/p>\n<p>Es gibt aber noch <strong>andere M\u00f6glichkeiten<\/strong> daf\u00fcr zu sorgen, <strong>dass die Kamera genug Licht f\u00fcr das Foto bekommt<\/strong> (siehe auch &#8222;Wasserglasversuch &#8211; kommt noch&#8220;):<\/p>\n<ol>\n<li>Du l\u00e4sst der Kamera mehr Zeit f\u00fcr das Foto, d.h. du w\u00e4hlst eine <strong>l\u00e4ngere Belichtungszeit<\/strong> aus. Schau in Deiner Bedienungsanleitung nach ob und wie das geht. Achtung, hier droht Verwacklungsgefahr. Ein Stativ hilft hier in jedem Fall!<\/li>\n<li>Du \u00f6ffnest die Blende, d.h. Du stellst eine <strong>kleinere Blendenzahl<\/strong> ein. Hiermit ver\u00e4nderst Du gleichzeitig aber auch die Tiefensch\u00e4rfe (siehe &#8222;<a title=\"Foto-Kurs: Die Tiefensch\u00e4rfe\" href=\"http:\/\/www.professor-technikus.de\/?p=232\">Tiefensch\u00e4rfe<\/a>&#8222;). Leider k\u00f6nnen die meisten kleinen Digitalkameras die Blende gar nicht gro\u00df verstellen.<\/li>\n<li>Du stellst die <strong>ISO-Zahl h\u00f6her<\/strong>. Dadurch wird die Kamera f\u00fcr das Licht empfindlicher. Vereinfacht gesagt fasst die Kamera daf\u00fcr einige Pixel zusammen, um mehr Licht zu sammeln. Das Foto wird damit aber pixeliger, es &#8222;rauscht&#8220;.<\/li>\n<\/ol>\n<p><strong>Nicht vergessen<\/strong><br \/>\nWenn Du f\u00fcr ein Foto die ISO-Zahl selber verstellst, dann vergiss nicht, nach der Aufnahme den I<strong>SO-Wert wieder auf den kleinsten Wert<\/strong> einzustellen. Denn die Fotos sollten immer so wenig wie m\u00f6glich rauschen.<br \/>\nViele Kameras stellen die ISO-Zahl leider automatisch hoch. Da die Bilder aber ab ca. ISO 400 sehr stark rauschen, <strong>kann ich nur empfehlen, diese Automatik auszustellen<\/strong> oder so einzustellen, dass sie nicht \u00fcber 400 hinausgeht.<\/p>\n","protected":false},"excerpt":{"rendered":"<p>Belichtungsmessung Um ein Foto zu machen, braucht man immer ausreichend Licht. Deshalb stellt\u00a0 die Kamera nicht nur scharf, wenn Du sie auf ein Motiv richtest, sondern sie misst auch, ob \u00fcberhaupt genug Licht f\u00fcr ein Foto vorhanden ist. Dazu misst sie entweder die Lichtmenge auf dem gesamten Bild (das nennt man &#8222;Matrix-Messung&#8220;) oder auch nur&hellip; <a class=\"more-link\" href=\"https:\/\/www.professor-technikus.de\/?p=240\"><span class=\"screen-reader-text\">Foto-Kurs: Die richtige Belichtung<\/span> weiterlesen<\/a><\/p>\n","protected":false},"author":2,"featured_media":0,"comment_status":"closed","ping_status":"closed","sticky":false,"template":"","format":"standard","meta":[],"categories":[20],"tags":[27,21],"_links":{"self":[{"href":"https:\/\/www.professor-technikus.de\/index.php?rest_route=\/wp\/v2\/posts\/240"}],"collection":[{"href":"https:\/\/www.professor-technikus.de\/index.php?rest_route=\/wp\/v2\/posts"}],"about":[{"href":"https:\/\/www.professor-technikus.de\/index.php?rest_route=\/wp\/v2\/types\/post"}],"author":[{"embeddable":true,"href":"https:\/\/www.professor-technikus.de\/index.php?rest_route=\/wp\/v2\/users\/2"}],"replies":[{"embeddable":true,"href":"https:\/\/www.professor-technikus.de\/index.php?rest_route=%2Fwp%2Fv2%2Fcomments&post=240"}],"version-history":[{"count":4,"href":"https:\/\/www.professor-technikus.de\/index.php?rest_route=\/wp\/v2\/posts\/240\/revisions"}],"predecessor-version":[{"id":333,"href":"https:\/\/www.professor-technikus.de\/index.php?rest_route=\/wp\/v2\/posts\/240\/revisions\/333"}],"wp:attachment":[{"href":"https:\/\/www.professor-technikus.de\/index.php?rest_route=%2Fwp%2Fv2%2Fmedia&parent=240"}],"wp:term":[{"taxonomy":"category","embeddable":true,"href":"https:\/\/www.professor-technikus.de\/index.php?rest_route=%2Fwp%2Fv2%2Fcategories&post=240"},{"taxonomy":"post_tag","embeddable":true,"href":"https:\/\/www.professor-technikus.de\/index.php?rest_route=%2Fwp%2Fv2%2Ftags&post=240"}],"curies":[{"name":"wp","href":"https:\/\/api.w.org\/{rel}","templated":true}]}}