{"id":188,"date":"2013-02-28T19:04:26","date_gmt":"2013-02-28T18:04:26","guid":{"rendered":"http:\/\/www.professor-technikus.de\/?p=188"},"modified":"2021-01-28T15:42:15","modified_gmt":"2021-01-28T14:42:15","slug":"die-nachsten-auftritte-von-professor-technikus","status":"publish","type":"post","link":"https:\/\/www.professor-technikus.de\/?p=188","title":{"rendered":"Die n\u00e4chsten Auftritte von Professor Technikus"},"content":{"rendered":"<figure style=\"width: 337px\" class=\"wp-caption alignleft\"><img loading=\"lazy\" class=\"  \" alt=\"Plakat der Projektwoche\" src=\"http:\/\/www.krause-rehse.de\/images\/blogimages\/knut-plakat.gif\" width=\"337\" height=\"480\"><figcaption class=\"wp-caption-text\">Zeichnung: U. Winz<\/figcaption><\/figure>\n<p>Nur noch wenige Tage und die gro\u00dfe Projektwoche startet. Nat\u00fcrlich k\u00f6nnen sich Sponsoren und Unterst\u00fctzer immer noch gerne hier oder beim F\u00f6rderverein der Schule melden.<\/p>\n<p>Mit meinem Kollegen Prof. K. Wumm bin ich aber auch bald wieder &#8222;live&#8220; zu sehen, so unter anderem Ende Mai im Deutschen Museum Bonn anl\u00e4\u00dflich des Museumsmeilenfestes und beim &#8222;<a href=\"http:\/\/www.tagdertechnik-bremen.de\/Programm\/programm.html\">Tag der Technik<\/a>&#8220; in Bremen am 15. Juni 2013.<\/p>\n<p>&nbsp;<\/p>\n<p>&nbsp;<\/p>\n","protected":false},"excerpt":{"rendered":"<p>Nur noch wenige Tage und die gro\u00dfe Projektwoche startet. Nat\u00fcrlich k\u00f6nnen sich Sponsoren und Unterst\u00fctzer immer noch gerne hier oder beim F\u00f6rderverein der Schule melden. Mit meinem Kollegen Prof. K. Wumm bin ich aber auch bald wieder &#8222;live&#8220; zu sehen, so unter anderem Ende Mai im Deutschen Museum Bonn anl\u00e4\u00dflich des Museumsmeilenfestes und beim &#8222;Tag&hellip; <a class=\"more-link\" href=\"https:\/\/www.professor-technikus.de\/?p=188\"><span class=\"screen-reader-text\">Die n\u00e4chsten Auftritte von Professor Technikus<\/span> weiterlesen<\/a><\/p>\n","protected":false},"author":2,"featured_media":0,"comment_status":"closed","ping_status":"closed","sticky":false,"template":"","format":"standard","meta":[],"categories":[1,44,45],"tags":[25],"_links":{"self":[{"href":"https:\/\/www.professor-technikus.de\/index.php?rest_route=\/wp\/v2\/posts\/188"}],"collection":[{"href":"https:\/\/www.professor-technikus.de\/index.php?rest_route=\/wp\/v2\/posts"}],"about":[{"href":"https:\/\/www.professor-technikus.de\/index.php?rest_route=\/wp\/v2\/types\/post"}],"author":[{"embeddable":true,"href":"https:\/\/www.professor-technikus.de\/index.php?rest_route=\/wp\/v2\/users\/2"}],"replies":[{"embeddable":true,"href":"https:\/\/www.professor-technikus.de\/index.php?rest_route=%2Fwp%2Fv2%2Fcomments&post=188"}],"version-history":[{"count":8,"href":"https:\/\/www.professor-technikus.de\/index.php?rest_route=\/wp\/v2\/posts\/188\/revisions"}],"predecessor-version":[{"id":903,"href":"https:\/\/www.professor-technikus.de\/index.php?rest_route=\/wp\/v2\/posts\/188\/revisions\/903"}],"wp:attachment":[{"href":"https:\/\/www.professor-technikus.de\/index.php?rest_route=%2Fwp%2Fv2%2Fmedia&parent=188"}],"wp:term":[{"taxonomy":"category","embeddable":true,"href":"https:\/\/www.professor-technikus.de\/index.php?rest_route=%2Fwp%2Fv2%2Fcategories&post=188"},{"taxonomy":"post_tag","embeddable":true,"href":"https:\/\/www.professor-technikus.de\/index.php?rest_route=%2Fwp%2Fv2%2Ftags&post=188"}],"curies":[{"name":"wp","href":"https:\/\/api.w.org\/{rel}","templated":true}]}}